{"id":3447,"date":"2025-02-11T19:09:35","date_gmt":"2025-02-11T19:09:35","guid":{"rendered":"http:\/\/perfilcomunicacao@gmail.com"},"modified":"2025-02-12T04:49:53","modified_gmt":"2025-02-12T04:49:53","slug":"confira-os-filmes-selecionados-para-o-curta-8-2023-2","status":"publish","type":"post","link":"https:\/\/curta8.com.br\/?p=3447","title":{"rendered":"CONFIRA OS FILMES SELECIONADOS PARA O CURTA 8 2023"},"content":{"rendered":"<p><strong>CONFIRA OS FILMES SELECIONADOS PARA O CURTA 8 2023<\/strong><\/p>\n<p><strong>SANTOS RUTEROS<\/strong><br \/>\nJuan Ignacio Slobayen, 2022, Argentina,<\/p>\n<p><strong>THE SCARECROW<\/strong><br \/>\nLars Kemnitz, 2022, Alemanha<\/p>\n<p><strong>\u00c0 ESPERA DAQUILO QUE NUNCA VEM. ISSO N\u00c3O SOUL EUS; \u00c9 BECKETT?<\/strong><br \/>\nM\u00e1rcio Vaccari, 2023, S\u00e3o Paulo &#8211; BR<\/p>\n<p><strong>A JORNADA<\/strong><br \/>\nMateus Rosa, 2023, Goi\u00e1s &#8211; BR<\/p>\n<p><strong>TRANSG\u00c9NESIS<\/strong><br \/>\nEmilio L\u00f3pes, 2022, Argentina<\/p>\n<p><strong>VOICEMAIL &#8211; A &#8220;LOVE&#8221; LETTER TO NYC<\/strong><br \/>\nBernardo Scofano, 2023, BR<\/p>\n<p><strong>CLARA<\/strong><br \/>\nMarcos D&#8217;Elboux, 2023, Santa Catarina &#8211; BR<\/p>\n<p><strong>BOCA FECHADA N\u00c3O ENTRA MOSCA MAS TAMB\u00c9M N\u00c3O SAI PALAVRA<\/strong><br \/>\nM\u00e1rcio Vaccari, 2023, S\u00e3o Paulo &#8211; BR<\/p>\n<p><strong>S\u00c6K\u00ddR<\/strong><br \/>\nEdith Morris, 2023, Inglaterra<\/p>\n<p><strong>PAPAI VOLTOU?<\/strong><br \/>\nRebeca Ribeiro, 2023, S\u00e3o Paulo &#8211; BR<\/p>\n<p><strong>THE CHARCOAL ALLEY<\/strong><br \/>\nNiyaz Saghari, 2023, Inglaterra,<\/p>\n<p><strong>ODOCIABA<\/strong><br \/>\nBianca Bomfim e Clara Campos, 2023, Bahia &#8211; BR<\/p>\n<p><strong>OLHOS 121<\/strong><br \/>\nYasmin Medice, 2023, S\u00e3o Paulo &#8211; BR<\/p>\n<p><strong>ESTRANHA FOR\u00c7A<\/strong><br \/>\nPedro Krull, 2023, Alagoas &#8211; BR<\/p>\n<p><strong>IMAGENES PARA NINA Y EL \u00c1RBOL<\/strong><br \/>\nAna Comes, 2023, Argentina,<\/p>\n<p><strong>RITMO<\/strong><br \/>\nMaxime Michel, 2022, Fran\u00e7a<\/p>\n<p><strong>TUDO OZU<\/strong><br \/>\nEberson Rodrigues, 2022, Minas Gerais &#8211; BR<\/p>\n<p><strong>MARGARIDA FOI COMPRAR P\u00c3O E VIROU SONHO<\/strong><br \/>\nM\u00e1rcio Vaccari, 2023, S\u00e3o Paulo &#8211; BR<\/p>\n<p><strong>CORNFLAKE BLVD<\/strong><br \/>\n(Tim D\u00fcbbert, 2022, Alemanha<\/p>\n<p><strong>SEM T\u00cdTULO<\/strong><br \/>\nJulia Sakemi, 2023, Paran\u00e1 &#8211; BR,<\/p>\n<p><strong>TUPANANCHISKAMA<\/strong><br \/>\nRafael de Almeida, 2023, Goi\u00e1s &#8211; BR<\/p>\n<p><strong>DEMBI TAMBA<\/strong><br \/>\nAlex Brand\u00e3o, 2021, Santa Catarina &#8211; BR<\/p>\n<p><strong>TODO TEMPO QUE NOS RESTA<\/strong><br \/>\nLais Sambugaro, 2023, BR<\/p>\n<p><strong>SANGRIA<\/strong><br \/>\nThales Prediger, 2021, BR<\/p>\n<p><strong>JAQUELINE<\/strong><br \/>\nJulia Balina, 2022, Bahia &#8211; BR,<\/p>\n<p><strong>THE HATEFUL SUPER EIGHT<\/strong><br \/>\nGunnar Grah, 2022, Alemanha<\/p>\n<p><strong>DEVENIR NO HUMANO<\/strong><br \/>\nEduardo Gutierrez Carrera, 2022, Per\u00fa, 3&#8217;54&#8221;)<\/p>\n<p><strong>R\u00c9LO<\/strong><br \/>\nGabriela Diofer, 2023, S\u00e3o Paulo &#8211; BR<\/p>\n<p><strong>LILI FOI DAR AULA DE GEOGRAFIA E SUMIU NO MAPA<\/strong><br \/>\nM\u00e1rcio Vaccari, 2023, S\u00e3o Paulo &#8211; BR<\/p>\n<p><strong>QUO VADIS?<\/strong><br \/>\nNatalie Castilho, 2023, BR<\/p>\n<p><strong>XVII ESTRELA<\/strong><br \/>\nMoira Lacowiz, 2023, BR<\/p>\n<p><strong>SEU JURACI<\/strong><br \/>\nLuis Fernando Egidio dos Santos, 2023, BR<\/p>\n<p><strong>FANTASMAS DE UMA PRAIA DO FUTURO<\/strong><br \/>\nCamila Vannucci, 2023, BR<\/p>\n<p><strong>SUPER BLACK<\/strong><br \/>\nAlex Brand\u00e3o, 2020, Santa Catarina &#8211; BR<\/p>\n","protected":false},"excerpt":{"rendered":"<p>CONFIRA OS FILMES SELECIONADOS PARA O CURTA 8 2023 SANTOS RUTEROS Juan Ignacio Slobayen, 2022, Argentina, THE SCARECROW Lars Kemnitz, 2022, Alemanha \u00c0 ESPERA DAQUILO QUE NUNCA VEM. ISSO N\u00c3O SOUL EUS; \u00c9 BECKETT? M\u00e1rcio Vaccari, 2023, S\u00e3o Paulo &#8211; BR A JORNADA Mateus Rosa, 2023, Goi\u00e1s &#8211; BR TRANSG\u00c9NESIS Emilio L\u00f3pes, 2022, Argentina VOICEMAIL [&hellip;]<\/p>\n","protected":false},"author":6,"featured_media":0,"comment_status":"open","ping_status":"open","sticky":false,"template":"","format":"standard","meta":{"footnotes":""},"categories":[1,1215],"tags":[],"class_list":["post-3447","post","type-post","status-publish","format-standard","hentry","category-noticias","category-uncategorized"],"_links":{"self":[{"href":"https:\/\/curta8.com.br\/index.php?rest_route=\/wp\/v2\/posts\/3447","targetHints":{"allow":["GET"]}}],"collection":[{"href":"https:\/\/curta8.com.br\/index.php?rest_route=\/wp\/v2\/posts"}],"about":[{"href":"https:\/\/curta8.com.br\/index.php?rest_route=\/wp\/v2\/types\/post"}],"author":[{"embeddable":true,"href":"https:\/\/curta8.com.br\/index.php?rest_route=\/wp\/v2\/users\/6"}],"replies":[{"embeddable":true,"href":"https:\/\/curta8.com.br\/index.php?rest_route=%2Fwp%2Fv2%2Fcomments&post=3447"}],"version-history":[{"count":1,"href":"https:\/\/curta8.com.br\/index.php?rest_route=\/wp\/v2\/posts\/3447\/revisions"}],"predecessor-version":[{"id":3541,"href":"https:\/\/curta8.com.br\/index.php?rest_route=\/wp\/v2\/posts\/3447\/revisions\/3541"}],"wp:attachment":[{"href":"https:\/\/curta8.com.br\/index.php?rest_route=%2Fwp%2Fv2%2Fmedia&parent=3447"}],"wp:term":[{"taxonomy":"category","embeddable":true,"href":"https:\/\/curta8.com.br\/index.php?rest_route=%2Fwp%2Fv2%2Fcategories&post=3447"},{"taxonomy":"post_tag","embeddable":true,"href":"https:\/\/curta8.com.br\/index.php?rest_route=%2Fwp%2Fv2%2Ftags&post=3447"}],"curies":[{"name":"wp","href":"https:\/\/api.w.org\/{rel}","templated":true}]}}