{"id":3663,"date":"2025-02-12T03:02:26","date_gmt":"2025-02-12T03:02:26","guid":{"rendered":"https:\/\/curta8.com.br\/?p=3663"},"modified":"2025-02-12T04:49:53","modified_gmt":"2025-02-12T04:49:53","slug":"confira-os-premiados-do-curta-8-2023","status":"publish","type":"post","link":"https:\/\/curta8.com.br\/?p=3663","title":{"rendered":"Confira os premiados do CURTA 8 2023"},"content":{"rendered":"<p>Super Pr\u00eamio T\u00e9cnico<br \/>\nTHE CHARCOAL ALLEY &#8211; de Niyaz Sahari, da Inglaterra<\/p>\n<p>Super Pr\u00eamio Art\u00edstico<br \/>\nIMAGENS PARA NINA Y EL ARBOL &#8211; de Ana Comes, da Argentina<\/p>\n<p>Super Pr\u00eamio Surpresa<br \/>\nPROJETO 8 X 8, da Para\u00edba<\/p>\n<p>Super Filme Finalizado\/Editado<br \/>\nSUPER BLACK &#8211; de Alex Brand\u00e3o, de Santa Catarina<\/p>\n<p>Super Filme Tomada \u00danica<br \/>\nMORTO MON\u00d3TONO &#8211; de Breno Holzmann, de Curitiba<\/p>\n<p>Super Filme J\u00fari Popular<br \/>\nBANG NO CORE &#8211; de Giovanna Heroso, de Curitiba<\/p>\n<p>Super Filme do Festival<br \/>\nTUPNANCHISKAMA &#8211; de Rafael de Almeida, de Goi\u00e1s<\/p>\n<p>Trof\u00e9u Super Schip<br \/>\nIVAN CORDEIRO &#8211; de Pernambuco e Los Angeles<\/p>\n","protected":false},"excerpt":{"rendered":"<p>Super Pr\u00eamio T\u00e9cnico THE CHARCOAL ALLEY &#8211; de Niyaz Sahari, da Inglaterra Super Pr\u00eamio Art\u00edstico IMAGENS PARA NINA Y EL ARBOL &#8211; de Ana Comes, da Argentina Super Pr\u00eamio Surpresa PROJETO 8 X 8, da Para\u00edba Super Filme Finalizado\/Editado SUPER BLACK &#8211; de Alex Brand\u00e3o, de Santa Catarina Super Filme Tomada \u00danica MORTO MON\u00d3TONO &#8211; [&hellip;]<\/p>\n","protected":false},"author":6,"featured_media":0,"comment_status":"open","ping_status":"closed","sticky":false,"template":"","format":"standard","meta":{"footnotes":""},"categories":[1],"tags":[],"class_list":["post-3663","post","type-post","status-publish","format-standard","hentry","category-noticias"],"_links":{"self":[{"href":"https:\/\/curta8.com.br\/index.php?rest_route=\/wp\/v2\/posts\/3663","targetHints":{"allow":["GET"]}}],"collection":[{"href":"https:\/\/curta8.com.br\/index.php?rest_route=\/wp\/v2\/posts"}],"about":[{"href":"https:\/\/curta8.com.br\/index.php?rest_route=\/wp\/v2\/types\/post"}],"author":[{"embeddable":true,"href":"https:\/\/curta8.com.br\/index.php?rest_route=\/wp\/v2\/users\/6"}],"replies":[{"embeddable":true,"href":"https:\/\/curta8.com.br\/index.php?rest_route=%2Fwp%2Fv2%2Fcomments&post=3663"}],"version-history":[{"count":4,"href":"https:\/\/curta8.com.br\/index.php?rest_route=\/wp\/v2\/posts\/3663\/revisions"}],"predecessor-version":[{"id":4170,"href":"https:\/\/curta8.com.br\/index.php?rest_route=\/wp\/v2\/posts\/3663\/revisions\/4170"}],"wp:attachment":[{"href":"https:\/\/curta8.com.br\/index.php?rest_route=%2Fwp%2Fv2%2Fmedia&parent=3663"}],"wp:term":[{"taxonomy":"category","embeddable":true,"href":"https:\/\/curta8.com.br\/index.php?rest_route=%2Fwp%2Fv2%2Fcategories&post=3663"},{"taxonomy":"post_tag","embeddable":true,"href":"https:\/\/curta8.com.br\/index.php?rest_route=%2Fwp%2Fv2%2Ftags&post=3663"}],"curies":[{"name":"wp","href":"https:\/\/api.w.org\/{rel}","templated":true}]}}