{"id":4168,"date":"2025-09-19T19:49:53","date_gmt":"2025-09-19T19:49:53","guid":{"rendered":"https:\/\/curta8.com.br\/?p=4168"},"modified":"2025-09-19T19:50:12","modified_gmt":"2025-09-19T19:50:12","slug":"conheca-os-premiados-da-20a-edicao-do-curta","status":"publish","type":"post","link":"https:\/\/curta8.com.br\/?p=4168","title":{"rendered":"CONHE\u00c7A OS PREMIADOS DA 20\u00aa EDI\u00c7\u00c3O DO CURTA"},"content":{"rendered":"<p>Depois de quatro dias de exibi\u00e7\u00f5es, o 20\u00ba CURTA 8 \u2013 Festival Internacional de Cinema Super 8 de Curitiba chegou ao fim neste domingo, dia 14 de setembro de 2025. Com mais de 70 filmes exibidos, que vieram de 13 pa\u00edses e diversos estados brasileiros, foram conhecidos os vencedores das Mostras Competitivas, bem os cineastas homenageados. Confira os nomes e os trof\u00e9us recebidos:<\/p>\n<p><strong>Super Pr\u00eamio T\u00e9cnico<\/strong><br \/>\n\u201cFinding home\u201d, de James Trosh (Reino Unido)<\/p>\n<p><strong>Super Pr\u00eamio Art\u00edstico<\/strong><br \/>\n\u201cAng\u00fastias de um manequim de peruca\u201d, de Gabriel Lachowski (Brasil)<\/p>\n<p><strong>Super Pr\u00eamio Finalizado\/Editado em Digit<\/strong>al<br \/>\n\u201cEfeito Laranja\u201d, de Lucas Mota Lyrio (Brasil)<\/p>\n<p><strong>Super Filme \u2013 J\u00fari Popular<\/strong><br \/>\n\u201cJardim da Entalpia\u201d, de Pietra Doro Spindola (Brasil)<\/p>\n<p><strong>Super Filme Tomada \u00danica<\/strong><br \/>\n\u201cCura-Bunda\u201d, de Ariane Miake (Brasil)<\/p>\n<p><strong>Super Filme do Festival<\/strong><br \/>\n\u201cA film with sound (Take Three)\u201d, de Josh Weissbach (EUA)<\/p>\n<p><strong>Men\u00e7\u00e3o Honrosa<\/strong><br \/>\n\u201cCuritiba no cinema: alguns planos\u201d, de Eduardo Baggio (Brasil)<\/p>\n<p><strong>Super Pr\u00eamio Surpresa<\/strong><br \/>\nPara Fl\u00e1vio Rocha<\/p>\n<p><strong>Trof\u00e9u Super Schip<\/strong><br \/>\nPara Lucas Manuel Vega<\/p>\n","protected":false},"excerpt":{"rendered":"<p>Depois de quatro dias de exibi\u00e7\u00f5es, o 20\u00ba CURTA 8 \u2013 Festival Internacional de Cinema Super 8 de Curitiba chegou ao fim neste domingo, dia 14 de setembro de 2025. Com mais de 70 filmes exibidos, que vieram de 13 pa\u00edses e diversos estados brasileiros, foram conhecidos os vencedores das Mostras Competitivas, bem os cineastas [&hellip;]<\/p>\n","protected":false},"author":6,"featured_media":4068,"comment_status":"open","ping_status":"closed","sticky":false,"template":"","format":"standard","meta":{"footnotes":""},"categories":[1],"tags":[],"class_list":["post-4168","post","type-post","status-publish","format-standard","has-post-thumbnail","hentry","category-noticias"],"_links":{"self":[{"href":"https:\/\/curta8.com.br\/index.php?rest_route=\/wp\/v2\/posts\/4168","targetHints":{"allow":["GET"]}}],"collection":[{"href":"https:\/\/curta8.com.br\/index.php?rest_route=\/wp\/v2\/posts"}],"about":[{"href":"https:\/\/curta8.com.br\/index.php?rest_route=\/wp\/v2\/types\/post"}],"author":[{"embeddable":true,"href":"https:\/\/curta8.com.br\/index.php?rest_route=\/wp\/v2\/users\/6"}],"replies":[{"embeddable":true,"href":"https:\/\/curta8.com.br\/index.php?rest_route=%2Fwp%2Fv2%2Fcomments&post=4168"}],"version-history":[{"count":1,"href":"https:\/\/curta8.com.br\/index.php?rest_route=\/wp\/v2\/posts\/4168\/revisions"}],"predecessor-version":[{"id":4169,"href":"https:\/\/curta8.com.br\/index.php?rest_route=\/wp\/v2\/posts\/4168\/revisions\/4169"}],"wp:featuredmedia":[{"embeddable":true,"href":"https:\/\/curta8.com.br\/index.php?rest_route=\/wp\/v2\/media\/4068"}],"wp:attachment":[{"href":"https:\/\/curta8.com.br\/index.php?rest_route=%2Fwp%2Fv2%2Fmedia&parent=4168"}],"wp:term":[{"taxonomy":"category","embeddable":true,"href":"https:\/\/curta8.com.br\/index.php?rest_route=%2Fwp%2Fv2%2Fcategories&post=4168"},{"taxonomy":"post_tag","embeddable":true,"href":"https:\/\/curta8.com.br\/index.php?rest_route=%2Fwp%2Fv2%2Ftags&post=4168"}],"curies":[{"name":"wp","href":"https:\/\/api.w.org\/{rel}","templated":true}]}}